{"id":21084,"date":"2026-03-17T13:40:38","date_gmt":"2026-03-17T12:40:38","guid":{"rendered":"https:\/\/nicandmel.com\/?p=21084"},"modified":"2026-03-31T17:40:07","modified_gmt":"2026-03-31T15:40:07","slug":"italienskt-lader-darfor-ar-det-battre","status":"publish","type":"post","link":"https:\/\/nicandmel.com\/sv\/italienskt-lader-darfor-ar-det-battre\/","title":{"rendered":"Italienskt l\u00e4der \u2013 d\u00e4rf\u00f6r \u00e4r det b\u00e4ttre"},"content":{"rendered":"\n<p>Inte allt l\u00e4der \u00e4r lika. Om du har sett skillnaden i k\u00e4nsla och h\u00e5llbarhet mellan en billig pl\u00e5nbok och en handgjord produkt i \u00e4kta italienskt l\u00e4der f\u00f6rst\u00e5r du direkt vad vi menar. Men vad \u00e4r det egentligen som g\u00f6r italienskt l\u00e4der s\u00e5 speciellt?<\/p>\n\n\n\n<h2 class=\"wp-block-heading\">Vad \u00e4r italienskt l\u00e4der?<\/h2>\n\n\n\n<p>Italienskt l\u00e4der \u00e4r l\u00e4der som garvats och bearbetats i Italien \u2013 ett land med hundratals \u00e5r av hantverkstradition inom l\u00e4derbranschen. Toskana, och framf\u00f6r allt staden Firenze, \u00e4r k\u00e4nd f\u00f6r att vara v\u00e4rldens centrum f\u00f6r premium-l\u00e4der. Garverierna d\u00e4r anv\u00e4nder metoder som f\u00f6rts vidare fr\u00e5n generation till generation.<\/p>\n\n\n\n<p>Italienska garverier \u00e4r k\u00e4nda f\u00f6r att anv\u00e4nda naturliga, vegetabiliska garvmedel \u2013 en process som tar veckor men resulterar i ett l\u00e4der med enast\u00e5ende egenskaper.<\/p>\n\n\n\n<h2 class=\"wp-block-heading\">Vegetabilisk garvning \u2013 vad \u00e4r det?<\/h2>\n\n\n\n<p>Det finns tv\u00e5 huvudsakliga s\u00e4tt att garva l\u00e4der:<\/p>\n\n\n\n<h3 class=\"wp-block-heading\">Kromgarvning (industriell)<\/h3>\n\n\n\n<p>Kromgarvning anv\u00e4nder kemikalier f\u00f6r att bearbeta huden snabbt \u2013 processen tar 24\u201348 timmar. Det \u00e4r den vanligaste metoden globalt och anv\u00e4nds f\u00f6r de flesta billiga l\u00e4derprodukter. Resultatet \u00e4r ett mjukt, j\u00e4mnt l\u00e4der men det saknar djup, t\u00e5l inte \u00e5ldring lika bra och \u00e4r s\u00e4mre f\u00f6r milj\u00f6n.<\/p>\n\n\n\n<h3 class=\"wp-block-heading\">Vegetabilisk garvning (traditionell)<\/h3>\n\n\n\n<p>Vegetabilisk garvning anv\u00e4nder bark, taniner och naturliga \u00e4mnen. Processen tar 4\u20136 veckor men resulterar i ett l\u00e4der med helt andra egenskaper:<\/p>\n\n\n\n<ul class=\"wp-block-list\"><li><strong>Patina<\/strong> \u2013 L\u00e4der garvat med vegetabilisk metod m\u00f6rknar och utvecklar en unik patina med \u00e5ren. Det ber\u00e4ttar en historia.<\/li><li><strong>Styrka<\/strong> \u2013 T\u00e4tt fibern\u00e4tverk g\u00f6r det mer motst\u00e5ndskraftigt mot slitage.<\/li><li><strong>Formstabilitet<\/strong> \u2013 H\u00e5ller sin form b\u00e4ttre och anpassar sig till anv\u00e4ndaren.<\/li><li><strong>Milj\u00f6v\u00e4nlighet<\/strong> \u2013 Inga skadliga kemikalier, biologiskt nedbrytbart.<\/li><\/ul>\n\n\n\n<h2 class=\"wp-block-heading\">Skillnaden du k\u00e4nner direkt<\/h2>\n\n\n\n<p>Ta ett \u00e4kta vegetabiliskt garvat l\u00e4der i handen och j\u00e4mf\u00f6r det med ett maskinframst\u00e4llt alternativ. Skillnaden \u00e4r omedelbar:<\/p>\n\n\n\n<ul class=\"wp-block-list\"><li>Det italienska l\u00e4dret har tyngd och substans \u2013 inte en pappersaktig l\u00e4tthet.<\/li><li>Det k\u00e4nns fast men mjukt \u2013 inte styvt som kartong och inte sladdrig som plast.<\/li><li>Det luktar naturligt l\u00e4der \u2013 inte kemi.<\/li><\/ul>\n\n\n\n<h2 class=\"wp-block-heading\">Hur \u00e5ldras det?<\/h2>\n\n\n\n<p>Det kanske viktigaste med \u00e4kta italienskt l\u00e4der \u00e4r att det f\u00f6rb\u00e4ttras med \u00e5ren. En ny produkt \u00e4r fin \u2013 men efter ett \u00e5r av daglig anv\u00e4ndning b\u00f6rjar en karakt\u00e4ristisk patina framtr\u00e4da. F\u00e4rgen f\u00f6rdjupas, ytan mjuknar exakt d\u00e4r du h\u00e5ller och produkten blir mer och mer din egen.<\/p>\n\n\n\n<p>Billigt l\u00e4der g\u00f6r tv\u00e4rtom: det spricker, bladdrar och ser ut som ett brott mot milj\u00f6n. \u00c4kta l\u00e4der, v\u00e4lsk\u00f6tt, h\u00e5ller i decennier.<\/p>\n\n\n\n<h2 class=\"wp-block-heading\">Varf\u00f6r \u00e4r detta viktigt f\u00f6r en iPhone-pl\u00e5nbok?<\/h2>\n\n\n\n<p>Din iPhone-pl\u00e5nbok \u00e4r ett f\u00f6rem\u00e5l du tar fram och l\u00e4gger ner hundratals g\u00e5nger om dagen. Den ska:<\/p>\n\n\n\n<ul class=\"wp-block-list\"><li>T\u00e5la dagligt slitage utan att f\u00f6rlora formen.<\/li><li>K\u00e4nnas bra i handen \u2013 inte kladdigt eller plastigt.<\/li><li>Se b\u00e4ttre ut med \u00e5ren \u2013 inte s\u00e4mre.<\/li><li>H\u00e5lla i 5\u201310 \u00e5r med minimal sk\u00f6tsel.<\/li><\/ul>\n\n\n\n<p>Det \u00e4r precis vad italienskt l\u00e4der, vegetabiliskt garvat, levererar. Se v\u00e5r <a href=\"https:\/\/nicandmel.com\/sv\/iphone-planbok-i-akter-lader-komplett-guide\/\">kompletta guide om iPhone-pl\u00e5nbok i \u00e4kta l\u00e4der<\/a> f\u00f6r att f\u00f6rst\u00e5 hur materialet spelar roll f\u00f6r hela produktupplevelsen.<\/p>\n\n\n\n<h2 class=\"wp-block-heading\">Hur k\u00e4nner du igen \u00e4kta kvalitet?<\/h2>\n\n\n\n<ul class=\"wp-block-list\"><li><strong>Full-grain eller top-grain<\/strong> \u2013 De b\u00e4sta typerna. Undvik &#8220;genuine leather&#8221; \u2013 det \u00e4r den l\u00e4gsta kvalitetsklassen av \u00e4kta l\u00e4der och i princip skrot fr\u00e5n garvningsprocessen.<\/li><li><strong>M\u00e4rkning<\/strong> \u2013 \u00c4kta italienska garverier, som Conceria Walpier och Badalassi Carlo, \u00e4r namn att lita p\u00e5.<\/li><li><strong>Lukt<\/strong> \u2013 \u00c4kta l\u00e4der luktar naturligt. Konstl\u00e4der luktar plast eller kemi.<\/li><li><strong>Kant<\/strong> \u2013 V\u00e4lbearbetade kanter (burnishade eller lackade) visar hantverksskicklighet.<\/li><\/ul>\n\n\n\n<h2 class=\"wp-block-heading\">Sk\u00f6tsel av italienskt l\u00e4der<\/h2>\n\n\n\n<p>\u00c4kta italienskt l\u00e4der kr\u00e4ver minimal sk\u00f6tsel, men vinner p\u00e5 lite k\u00e4rlek. L\u00e4s v\u00e5r <a href=\"https:\/\/nicandmel.com\/sv\/skotsel-lader-iphone-planbok\/\">sk\u00f6tselguide f\u00f6r l\u00e4der iPhone-pl\u00e5nbok<\/a> f\u00f6r konkreta tips om hur du bevarar kvaliteten.<\/p>\n\n\n\n<h2 class=\"wp-block-heading\">Nic &amp; Mel och italienskt l\u00e4der<\/h2>\n\n\n\n<p>Alla Nic &amp; Mel-produkter tillverkas av \u00e4kta italienskt l\u00e4der \u2013 vegetabiliskt garvat och noggrant utvalt f\u00f6r h\u00e5llbarhet, k\u00e4nsla och utseende. Varje produkt \u00e4r handgjord och b\u00e4r det enskilda hantverket med sig.<\/p>\n\n\n\n<p>Utforska <a href=\"https:\/\/nicandmel.com\/sv\/produkt-kategori\/mobiltillbehor\/\">iPhone-pl\u00e5nb\u00f6ckerna<\/a> och <a href=\"https:\/\/nicandmel.com\/sv\/produkt-kategori\/planbocker-korthallare\/\">pl\u00e5nb\u00f6ckerna<\/a> i Nic &amp; Mels sortiment \u2013 och se skillnaden sj\u00e4lv.<\/p>\n\n\n\n<p>Vill du ha en komplett genomg\u00e5ng av hur du v\u00e4ljer den b\u00e4sta <a href=\"https:\/\/nicandmel.com\/sv\/basta-iphone-planbok-i-lader\/\">iPhone-pl\u00e5nbok i l\u00e4der<\/a>? L\u00e4s v\u00e5r guide.<\/p>\n","protected":false},"excerpt":{"rendered":"<p>Inte allt l\u00e4der \u00e4r lika. Om du har sett skillnaden i k\u00e4nsla och h\u00e5llbarhet mellan en billig pl\u00e5nbok och en handgjord produkt i \u00e4kta italienskt l\u00e4der f\u00f6rst\u00e5r du direkt vad vi menar. Men vad \u00e4r det egentligen som g\u00f6r italienskt l\u00e4der s\u00e5 speciellt? Vad \u00e4r italienskt l\u00e4der? Italienskt l\u00e4der \u00e4r l\u00e4der som garvats och bearbetats &hellip;<\/p>\n","protected":false},"author":2932,"featured_media":0,"comment_status":"closed","ping_status":"closed","sticky":false,"template":"","format":"standard","meta":{"_acf_changed":false,"footnotes":""},"categories":[2080,1788],"tags":[],"class_list":["post-21084","post","type-post","status-publish","format-standard","hentry","category-mobiltillbehor-sv","category-okategoriserad"],"acf":[],"yoast_head":"<!-- This site is optimized with the Yoast SEO plugin v27.5 - https:\/\/yoast.com\/product\/yoast-seo-wordpress\/ -->\n<title>Italienskt l\u00e4der \u2013 varf\u00f6r det \u00e4r b\u00e4ttre | Nic &amp; Mel<\/title>\n<meta name=\"description\" content=\"Varf\u00f6r \u00e4r italienskt l\u00e4der b\u00e4ttre? Vi f\u00f6rklarar skillnaden mellan vegetabilisk garvning och massproducerat l\u00e4der. Handgjorda produkter av Nic &amp; Mel.\" \/>\n<meta name=\"robots\" content=\"index, follow, max-snippet:-1, max-image-preview:large, max-video-preview:-1\" \/>\n<link rel=\"canonical\" href=\"https:\/\/nicandmel.com\/sv\/italienskt-lader-darfor-ar-det-battre\/\" \/>\n<meta property=\"og:locale\" content=\"sv_SE\" \/>\n<meta property=\"og:type\" content=\"article\" \/>\n<meta property=\"og:title\" content=\"Italienskt l\u00e4der \u2013 varf\u00f6r det \u00e4r b\u00e4ttre | Nic &amp; Mel\" \/>\n<meta property=\"og:description\" content=\"Varf\u00f6r \u00e4r italienskt l\u00e4der b\u00e4ttre? Vi f\u00f6rklarar skillnaden mellan vegetabilisk garvning och massproducerat l\u00e4der. Handgjorda produkter av Nic &amp; Mel.\" \/>\n<meta property=\"og:url\" content=\"https:\/\/nicandmel.com\/sv\/italienskt-lader-darfor-ar-det-battre\/\" \/>\n<meta property=\"og:site_name\" content=\"Nic &amp; Mel\" \/>\n<meta property=\"article:publisher\" content=\"https:\/\/www.facebook.com\/nicandmel\" \/>\n<meta property=\"article:published_time\" content=\"2026-03-17T12:40:38+00:00\" \/>\n<meta property=\"article:modified_time\" content=\"2026-03-31T15:40:07+00:00\" \/>\n<meta property=\"og:image\" content=\"https:\/\/nicandmel.com\/wp-content\/uploads\/2016\/05\/nom_logo_yellow.png\" \/>\n\t<meta property=\"og:image:width\" content=\"180\" \/>\n\t<meta property=\"og:image:height\" content=\"74\" \/>\n\t<meta property=\"og:image:type\" content=\"image\/png\" \/>\n<meta name=\"author\" content=\"Magnus\" \/>\n<meta name=\"twitter:card\" content=\"summary_large_image\" \/>\n<meta name=\"twitter:label1\" content=\"Skriven av\" \/>\n\t<meta name=\"twitter:data1\" content=\"Magnus\" \/>\n\t<meta name=\"twitter:label2\" content=\"Ber\u00e4knad l\u00e4stid\" \/>\n\t<meta name=\"twitter:data2\" content=\"3 minuter\" \/>\n<script type=\"application\/ld+json\" class=\"yoast-schema-graph\">{\"@context\":\"https:\\\/\\\/schema.org\",\"@graph\":[{\"@type\":\"Article\",\"@id\":\"https:\\\/\\\/nicandmel.com\\\/sv\\\/italienskt-lader-darfor-ar-det-battre\\\/#article\",\"isPartOf\":{\"@id\":\"https:\\\/\\\/nicandmel.com\\\/sv\\\/italienskt-lader-darfor-ar-det-battre\\\/\"},\"author\":{\"name\":\"Magnus\",\"@id\":\"https:\\\/\\\/nicandmel.com\\\/sv\\\/#\\\/schema\\\/person\\\/44f2a803f9c76eacf5fbc7e9a3ed264f\"},\"headline\":\"Italienskt l\u00e4der \u2013 d\u00e4rf\u00f6r \u00e4r det b\u00e4ttre\",\"datePublished\":\"2026-03-17T12:40:38+00:00\",\"dateModified\":\"2026-03-31T15:40:07+00:00\",\"mainEntityOfPage\":{\"@id\":\"https:\\\/\\\/nicandmel.com\\\/sv\\\/italienskt-lader-darfor-ar-det-battre\\\/\"},\"wordCount\":756,\"publisher\":{\"@id\":\"https:\\\/\\\/nicandmel.com\\\/sv\\\/#organization\"},\"articleSection\":[\"Mobiltillbeh\u00f6r\",\"Okategoriserad\"],\"inLanguage\":\"sv-SE\"},{\"@type\":\"WebPage\",\"@id\":\"https:\\\/\\\/nicandmel.com\\\/sv\\\/italienskt-lader-darfor-ar-det-battre\\\/\",\"url\":\"https:\\\/\\\/nicandmel.com\\\/sv\\\/italienskt-lader-darfor-ar-det-battre\\\/\",\"name\":\"Italienskt l\u00e4der \u2013 varf\u00f6r det \u00e4r b\u00e4ttre | Nic & Mel\",\"isPartOf\":{\"@id\":\"https:\\\/\\\/nicandmel.com\\\/sv\\\/#website\"},\"datePublished\":\"2026-03-17T12:40:38+00:00\",\"dateModified\":\"2026-03-31T15:40:07+00:00\",\"description\":\"Varf\u00f6r \u00e4r italienskt l\u00e4der b\u00e4ttre? Vi f\u00f6rklarar skillnaden mellan vegetabilisk garvning och massproducerat l\u00e4der. Handgjorda produkter av Nic & Mel.\",\"breadcrumb\":{\"@id\":\"https:\\\/\\\/nicandmel.com\\\/sv\\\/italienskt-lader-darfor-ar-det-battre\\\/#breadcrumb\"},\"inLanguage\":\"sv-SE\",\"potentialAction\":[{\"@type\":\"ReadAction\",\"target\":[\"https:\\\/\\\/nicandmel.com\\\/sv\\\/italienskt-lader-darfor-ar-det-battre\\\/\"]}]},{\"@type\":\"BreadcrumbList\",\"@id\":\"https:\\\/\\\/nicandmel.com\\\/sv\\\/italienskt-lader-darfor-ar-det-battre\\\/#breadcrumb\",\"itemListElement\":[{\"@type\":\"ListItem\",\"position\":1,\"name\":\"Home\",\"item\":\"https:\\\/\\\/nicandmel.com\\\/sv\\\/\"},{\"@type\":\"ListItem\",\"position\":2,\"name\":\"Italienskt l\u00e4der \u2013 d\u00e4rf\u00f6r \u00e4r det b\u00e4ttre\"}]},{\"@type\":\"WebSite\",\"@id\":\"https:\\\/\\\/nicandmel.com\\\/sv\\\/#website\",\"url\":\"https:\\\/\\\/nicandmel.com\\\/sv\\\/\",\"name\":\"Nic & Mel\",\"description\":\"Handmade leather goods\",\"publisher\":{\"@id\":\"https:\\\/\\\/nicandmel.com\\\/sv\\\/#organization\"},\"potentialAction\":[{\"@type\":\"SearchAction\",\"target\":{\"@type\":\"EntryPoint\",\"urlTemplate\":\"https:\\\/\\\/nicandmel.com\\\/sv\\\/?s={search_term_string}\"},\"query-input\":{\"@type\":\"PropertyValueSpecification\",\"valueRequired\":true,\"valueName\":\"search_term_string\"}}],\"inLanguage\":\"sv-SE\"},{\"@type\":\"Organization\",\"@id\":\"https:\\\/\\\/nicandmel.com\\\/sv\\\/#organization\",\"name\":\"Nic & Mel\",\"url\":\"https:\\\/\\\/nicandmel.com\\\/sv\\\/\",\"logo\":{\"@type\":\"ImageObject\",\"inLanguage\":\"sv-SE\",\"@id\":\"https:\\\/\\\/nicandmel.com\\\/sv\\\/#\\\/schema\\\/logo\\\/image\\\/\",\"url\":\"https:\\\/\\\/nicandmel.com\\\/wp-content\\\/uploads\\\/2021\\\/07\\\/nic_and_mel_logo.png\",\"contentUrl\":\"https:\\\/\\\/nicandmel.com\\\/wp-content\\\/uploads\\\/2021\\\/07\\\/nic_and_mel_logo.png\",\"width\":1237,\"height\":263,\"caption\":\"Nic & Mel\"},\"image\":{\"@id\":\"https:\\\/\\\/nicandmel.com\\\/sv\\\/#\\\/schema\\\/logo\\\/image\\\/\"},\"sameAs\":[\"https:\\\/\\\/www.facebook.com\\\/nicandmel\"]},{\"@type\":\"Person\",\"@id\":\"https:\\\/\\\/nicandmel.com\\\/sv\\\/#\\\/schema\\\/person\\\/44f2a803f9c76eacf5fbc7e9a3ed264f\",\"name\":\"Magnus\",\"image\":{\"@type\":\"ImageObject\",\"inLanguage\":\"sv-SE\",\"@id\":\"https:\\\/\\\/nicandmel.com\\\/wp-content\\\/litespeed\\\/avatar\\\/ab7b319b0e24979f0e96bc09fc9178c0.jpg?ver=1777397911\",\"url\":\"https:\\\/\\\/nicandmel.com\\\/wp-content\\\/litespeed\\\/avatar\\\/ab7b319b0e24979f0e96bc09fc9178c0.jpg?ver=1777397911\",\"contentUrl\":\"https:\\\/\\\/nicandmel.com\\\/wp-content\\\/litespeed\\\/avatar\\\/ab7b319b0e24979f0e96bc09fc9178c0.jpg?ver=1777397911\",\"caption\":\"Magnus\"}}]}<\/script>\n<!-- \/ Yoast SEO plugin. -->","yoast_head_json":{"title":"Italienskt l\u00e4der \u2013 varf\u00f6r det \u00e4r b\u00e4ttre | Nic & Mel","description":"Varf\u00f6r \u00e4r italienskt l\u00e4der b\u00e4ttre? Vi f\u00f6rklarar skillnaden mellan vegetabilisk garvning och massproducerat l\u00e4der. Handgjorda produkter av Nic & Mel.","robots":{"index":"index","follow":"follow","max-snippet":"max-snippet:-1","max-image-preview":"max-image-preview:large","max-video-preview":"max-video-preview:-1"},"canonical":"https:\/\/nicandmel.com\/sv\/italienskt-lader-darfor-ar-det-battre\/","og_locale":"sv_SE","og_type":"article","og_title":"Italienskt l\u00e4der \u2013 varf\u00f6r det \u00e4r b\u00e4ttre | Nic & Mel","og_description":"Varf\u00f6r \u00e4r italienskt l\u00e4der b\u00e4ttre? Vi f\u00f6rklarar skillnaden mellan vegetabilisk garvning och massproducerat l\u00e4der. Handgjorda produkter av Nic & Mel.","og_url":"https:\/\/nicandmel.com\/sv\/italienskt-lader-darfor-ar-det-battre\/","og_site_name":"Nic &amp; Mel","article_publisher":"https:\/\/www.facebook.com\/nicandmel","article_published_time":"2026-03-17T12:40:38+00:00","article_modified_time":"2026-03-31T15:40:07+00:00","og_image":[{"width":180,"height":74,"url":"https:\/\/nicandmel.com\/wp-content\/uploads\/2016\/05\/nom_logo_yellow.png","type":"image\/png"}],"author":"Magnus","twitter_card":"summary_large_image","twitter_misc":{"Skriven av":"Magnus","Ber\u00e4knad l\u00e4stid":"3 minuter"},"schema":{"@context":"https:\/\/schema.org","@graph":[{"@type":"Article","@id":"https:\/\/nicandmel.com\/sv\/italienskt-lader-darfor-ar-det-battre\/#article","isPartOf":{"@id":"https:\/\/nicandmel.com\/sv\/italienskt-lader-darfor-ar-det-battre\/"},"author":{"name":"Magnus","@id":"https:\/\/nicandmel.com\/sv\/#\/schema\/person\/44f2a803f9c76eacf5fbc7e9a3ed264f"},"headline":"Italienskt l\u00e4der \u2013 d\u00e4rf\u00f6r \u00e4r det b\u00e4ttre","datePublished":"2026-03-17T12:40:38+00:00","dateModified":"2026-03-31T15:40:07+00:00","mainEntityOfPage":{"@id":"https:\/\/nicandmel.com\/sv\/italienskt-lader-darfor-ar-det-battre\/"},"wordCount":756,"publisher":{"@id":"https:\/\/nicandmel.com\/sv\/#organization"},"articleSection":["Mobiltillbeh\u00f6r","Okategoriserad"],"inLanguage":"sv-SE"},{"@type":"WebPage","@id":"https:\/\/nicandmel.com\/sv\/italienskt-lader-darfor-ar-det-battre\/","url":"https:\/\/nicandmel.com\/sv\/italienskt-lader-darfor-ar-det-battre\/","name":"Italienskt l\u00e4der \u2013 varf\u00f6r det \u00e4r b\u00e4ttre | Nic & Mel","isPartOf":{"@id":"https:\/\/nicandmel.com\/sv\/#website"},"datePublished":"2026-03-17T12:40:38+00:00","dateModified":"2026-03-31T15:40:07+00:00","description":"Varf\u00f6r \u00e4r italienskt l\u00e4der b\u00e4ttre? Vi f\u00f6rklarar skillnaden mellan vegetabilisk garvning och massproducerat l\u00e4der. Handgjorda produkter av Nic & Mel.","breadcrumb":{"@id":"https:\/\/nicandmel.com\/sv\/italienskt-lader-darfor-ar-det-battre\/#breadcrumb"},"inLanguage":"sv-SE","potentialAction":[{"@type":"ReadAction","target":["https:\/\/nicandmel.com\/sv\/italienskt-lader-darfor-ar-det-battre\/"]}]},{"@type":"BreadcrumbList","@id":"https:\/\/nicandmel.com\/sv\/italienskt-lader-darfor-ar-det-battre\/#breadcrumb","itemListElement":[{"@type":"ListItem","position":1,"name":"Home","item":"https:\/\/nicandmel.com\/sv\/"},{"@type":"ListItem","position":2,"name":"Italienskt l\u00e4der \u2013 d\u00e4rf\u00f6r \u00e4r det b\u00e4ttre"}]},{"@type":"WebSite","@id":"https:\/\/nicandmel.com\/sv\/#website","url":"https:\/\/nicandmel.com\/sv\/","name":"Nic & Mel","description":"Handmade leather goods","publisher":{"@id":"https:\/\/nicandmel.com\/sv\/#organization"},"potentialAction":[{"@type":"SearchAction","target":{"@type":"EntryPoint","urlTemplate":"https:\/\/nicandmel.com\/sv\/?s={search_term_string}"},"query-input":{"@type":"PropertyValueSpecification","valueRequired":true,"valueName":"search_term_string"}}],"inLanguage":"sv-SE"},{"@type":"Organization","@id":"https:\/\/nicandmel.com\/sv\/#organization","name":"Nic & Mel","url":"https:\/\/nicandmel.com\/sv\/","logo":{"@type":"ImageObject","inLanguage":"sv-SE","@id":"https:\/\/nicandmel.com\/sv\/#\/schema\/logo\/image\/","url":"https:\/\/nicandmel.com\/wp-content\/uploads\/2021\/07\/nic_and_mel_logo.png","contentUrl":"https:\/\/nicandmel.com\/wp-content\/uploads\/2021\/07\/nic_and_mel_logo.png","width":1237,"height":263,"caption":"Nic & Mel"},"image":{"@id":"https:\/\/nicandmel.com\/sv\/#\/schema\/logo\/image\/"},"sameAs":["https:\/\/www.facebook.com\/nicandmel"]},{"@type":"Person","@id":"https:\/\/nicandmel.com\/sv\/#\/schema\/person\/44f2a803f9c76eacf5fbc7e9a3ed264f","name":"Magnus","image":{"@type":"ImageObject","inLanguage":"sv-SE","@id":"https:\/\/nicandmel.com\/wp-content\/litespeed\/avatar\/ab7b319b0e24979f0e96bc09fc9178c0.jpg?ver=1777397911","url":"https:\/\/nicandmel.com\/wp-content\/litespeed\/avatar\/ab7b319b0e24979f0e96bc09fc9178c0.jpg?ver=1777397911","contentUrl":"https:\/\/nicandmel.com\/wp-content\/litespeed\/avatar\/ab7b319b0e24979f0e96bc09fc9178c0.jpg?ver=1777397911","caption":"Magnus"}}]}},"_links":{"self":[{"href":"https:\/\/nicandmel.com\/sv\/wp-json\/wp\/v2\/posts\/21084","targetHints":{"allow":["GET"]}}],"collection":[{"href":"https:\/\/nicandmel.com\/sv\/wp-json\/wp\/v2\/posts"}],"about":[{"href":"https:\/\/nicandmel.com\/sv\/wp-json\/wp\/v2\/types\/post"}],"author":[{"embeddable":true,"href":"https:\/\/nicandmel.com\/sv\/wp-json\/wp\/v2\/users\/2932"}],"replies":[{"embeddable":true,"href":"https:\/\/nicandmel.com\/sv\/wp-json\/wp\/v2\/comments?post=21084"}],"version-history":[{"count":3,"href":"https:\/\/nicandmel.com\/sv\/wp-json\/wp\/v2\/posts\/21084\/revisions"}],"predecessor-version":[{"id":21123,"href":"https:\/\/nicandmel.com\/sv\/wp-json\/wp\/v2\/posts\/21084\/revisions\/21123"}],"wp:attachment":[{"href":"https:\/\/nicandmel.com\/sv\/wp-json\/wp\/v2\/media?parent=21084"}],"wp:term":[{"taxonomy":"category","embeddable":true,"href":"https:\/\/nicandmel.com\/sv\/wp-json\/wp\/v2\/categories?post=21084"},{"taxonomy":"post_tag","embeddable":true,"href":"https:\/\/nicandmel.com\/sv\/wp-json\/wp\/v2\/tags?post=21084"}],"curies":[{"name":"wp","href":"https:\/\/api.w.org\/{rel}","templated":true}]}}