{"id":21092,"date":"2026-03-17T14:15:35","date_gmt":"2026-03-17T13:15:35","guid":{"rendered":"https:\/\/nicandmel.com\/?p=21092"},"modified":"2026-03-31T18:27:04","modified_gmt":"2026-03-31T16:27:04","slug":"iphone-korthallare-vs-planbok","status":"publish","type":"post","link":"https:\/\/nicandmel.com\/sv\/iphone-korthallare-vs-planbok\/","title":{"rendered":"iPhone korth\u00e5llare vs pl\u00e5nbok \u2013 vad passar dig?"},"content":{"rendered":"\n<p>Ska du ha en iPhone-korth\u00e5llare eller en iPhone-pl\u00e5nbok? Det \u00e4r en fr\u00e5ga vi f\u00e5r ofta \u2013 och svaret beror helt p\u00e5 hur du faktiskt lever din vardag. Den h\u00e4r guiden hj\u00e4lper dig att v\u00e4lja r\u00e4tt genom att titta p\u00e5 vad de tv\u00e5 alternativen skiljer sig \u00e5t, vad du tj\u00e4nar p\u00e5 vardera, och hur du enkelt r\u00e4knar ut vilket som passar dig b\u00e4st.<\/p>\n\n\n<div class=\"wp-block-image\">\n<figure class=\"alignleft size-full\"><img loading=\"lazy\" decoding=\"async\" width=\"500\" height=\"610\" src=\"https:\/\/nicandmel.com\/wp-content\/uploads\/2026\/03\/korthallareiaffaren.jpeg\" alt=\"En korth\u00e5llare i italienskt l\u00e4der\" class=\"wp-image-21143\" srcset=\"https:\/\/nicandmel.com\/wp-content\/uploads\/2026\/03\/korthallareiaffaren.jpeg 500w, https:\/\/nicandmel.com\/wp-content\/uploads\/2026\/03\/korthallareiaffaren-246x300.jpeg 246w\" sizes=\"auto, (max-width: 500px) 100vw, 500px\" \/><\/figure>\n<\/div>\n\n\n<h2 class=\"nm-block-heading wp-block-heading\">Vad \u00e4r skillnaden?<\/h2>\n\n\n\n<p>En <strong>iPhone-korth\u00e5llare<\/strong> \u00e4r ett mobilskal med plats f\u00f6r 2\u20133 kort. Den \u00e4r tunn, l\u00e4tt och tar minimal plats i fickan. Perfekt om du vill b\u00e4ra det absoluta minimum.<\/p>\n\n\n\n<p>En <strong>iPhone-pl\u00e5nbok<\/strong> (folio-modell) \u00e4r ett skyddande omslag som t\u00e4cker telefonen p\u00e5 b\u00e5da sidor, med plats f\u00f6r 4\u20138 kort och ofta en sedelficka. Den ers\u00e4tter din traditionella pl\u00e5nbok helt och ger mer kapacitet \u2013 men tar ocks\u00e5 mer plats.<\/p>\n\n\n\n<h2 class=\"nm-block-heading wp-block-heading\">Korth\u00e5llare \u2013 f\u00f6r vem?<\/h2>\n\n\n\n<p>En korth\u00e5llare passar dig som lever minimalistiskt och bara b\u00e4r de allra n\u00f6dv\u00e4ndigaste korten. T\u00e4nk: bankkort, ID och kanske ett busskort. Om det r\u00e4cker f\u00f6r dig i vardagen \u00e4r en korth\u00e5llare det smartaste valet.<\/p>\n\n\n\n<p>F\u00f6rdelarna med korth\u00e5llare \u00e4r tydliga. Den \u00e4r l\u00e4ttare och slankare \u00e4n en pl\u00e5nbok, vilket g\u00f6r att telefonen fortfarande k\u00e4nns som en telefon. Den passar perfekt i en jeansficka utan att skapa en on\u00f6dig puckel. Den \u00e4r ocks\u00e5 billigare i ink\u00f6p och l\u00e4ttare att ta av om du exempelvis vill anv\u00e4nda MagSafe-laddare eller face recognition.<\/p>\n\n\n\n<p>Nackdelen \u00e4r kapaciteten. Har du m\u00e5nga kort, b\u00e4r kontanter regelbundet eller reser ofta \u2013 d\u00e5 r\u00e4cker inte en korth\u00e5llare till. Du beh\u00f6ver fortfarande ta med en separat pl\u00e5nbok, vilket motverkar hela po\u00e4ngen med att kombinera.<\/p>\n\n\n\n<h2 class=\"nm-block-heading wp-block-heading\">Pl\u00e5nbok \u2013 f\u00f6r vem?<\/h2>\n\n\n\n<p>En iPhone-pl\u00e5nbok \u00e4r f\u00f6r dig som vill ers\u00e4tta din traditionella pl\u00e5nbok helt. Du b\u00e4r allts\u00e5 bara telefonen \u2013 och i den har du allt du beh\u00f6ver. Det \u00e4r en elegant l\u00f6sning om du reser, har m\u00e5nga kort eller vill ha ett sammanh\u00e5llet och stilrent tillbeh\u00f6r.<\/p>\n\n\n\n<p>F\u00f6rdelarna med en pl\u00e5nbok \u00e4r kapacitet och skydd. Du kan b\u00e4ra 4\u20138 kort, sedlar och ibland kvitton. Folio-modellen skyddar dessutom sk\u00e4rmen vilket kan vara avg\u00f6rande om du ofta l\u00e4gger telefonen med sk\u00e4rmen ned\u00e5t. Du har allt p\u00e5 ett st\u00e4lle och beh\u00f6ver aldrig oroa dig f\u00f6r att gl\u00f6mma pl\u00e5nboken hemma.<\/p>\n\n\n\n<p>Nackdelen \u00e4r tjockleken och vikten. En folio-pl\u00e5nbok \u00e4r m\u00e4rkbart tyngre och tjockare \u00e4n en korth\u00e5llare. Det kan ocks\u00e5 vara opraktiskt vid situationer d\u00e4r du bara vill anv\u00e4nda telefonen \u2013 att \u00f6ppna folio-omslaget tar ett extra steg. Dessutom kan folio-modeller st\u00f6ra MagSafe-laddning om magneten inte \u00e4r korrekt placerad.<\/p>\n\n\n\n<h2 class=\"nm-block-heading wp-block-heading\">J\u00e4mf\u00f6relse: korth\u00e5llare vs pl\u00e5nbok<\/h2>\n\n\n\n<p><strong>Kortkapacitet:<\/strong> Korth\u00e5llare 2\u20133 kort. Pl\u00e5nbok 4\u20138 kort.<\/p>\n\n\n\n<p><strong>Sedelficka:<\/strong> Korth\u00e5llare saknar oftast sedelficka. Pl\u00e5nbok har ofta plats f\u00f6r sedlar.<\/p>\n\n\n\n<p><strong>Tjocklek:<\/strong> Korth\u00e5llare \u00e4r slank och minimal. Pl\u00e5nbok \u00e4r tjockare.<\/p>\n\n\n\n<p><strong>Sk\u00e4rmskydd:<\/strong> Korth\u00e5llare skyddar enbart baksidan. Pl\u00e5nbok skyddar b\u00e5de fram och bak.<\/p>\n\n\n\n<p><strong>Passar f\u00f6r:<\/strong> Korth\u00e5llare passar minimalister och stadsmilj\u00f6. Pl\u00e5nbok passar resen\u00e4rer och dig som vill ers\u00e4tta traditionell pl\u00e5nbok.<\/p>\n\n\n\n<h2 class=\"nm-block-heading wp-block-heading\">MagSafe \u2013 ett tredje alternativ<\/h2>\n\n\n\n<p>Om du har en iPhone 12 eller nyare finns ett tredje alternativ: en MagSafe-pl\u00e5nbok. Den f\u00e4ster magnetiskt p\u00e5 baksidan av telefonen och kan enkelt tas av och p\u00e5. Det ger dig korth\u00e5llarens slankhet n\u00e4r du vill ha det, och m\u00f6jligheten att l\u00e4gga till fler kort n\u00e4r det beh\u00f6vs. L\u00e4s mer i v\u00e5r <a href=\"https:\/\/nicandmel.com\/sv\/magsafe-planbok-iphone\/\">guide om MagSafe-pl\u00e5nbok till iPhone<\/a>.<\/p>\n\n\n\n<h2 class=\"nm-block-heading wp-block-heading\">R\u00e4kna dina kort \u2013 det enklaste s\u00e4ttet att v\u00e4lja<\/h2>\n\n\n\n<p>Det allra enklaste s\u00e4ttet att best\u00e4mma sig: ta fram din nuvarande pl\u00e5nbok och r\u00e4kna hur m\u00e5nga kort du faktiskt anv\u00e4nder under en vanlig vecka. Inte hur m\u00e5nga du \u00e4ger \u2013 utan hur m\u00e5nga du faktiskt drar eller knackar med.<\/p>\n\n\n\n<p>\u00c4r det 1\u20133 kort? V\u00e4lj korth\u00e5llare. \u00c4r det 4 eller fler? V\u00e4lj pl\u00e5nbok. B\u00e4r du kontanter regelbundet? V\u00e4lj pl\u00e5nbok med sedelficka. \u00c4r minimalism din grej och du s\u00e4llan b\u00e4r kontanter? V\u00e4lj korth\u00e5llare.<\/p>\n\n\n\n<h2 class=\"nm-block-heading wp-block-heading\">Materialet spelar roll oavsett vad du v\u00e4ljer<\/h2>\n\n\n\n<p>Oavsett om du v\u00e4ljer korth\u00e5llare ell<\/p>\n","protected":false},"excerpt":{"rendered":"<p>Ska du ha en iPhone-korth\u00e5llare eller en iPhone-pl\u00e5nbok? Det \u00e4r en fr\u00e5ga vi f\u00e5r ofta \u2013 och svaret beror helt p\u00e5 hur du faktiskt lever din vardag. Den h\u00e4r guiden hj\u00e4lper dig att v\u00e4lja r\u00e4tt genom att titta p\u00e5 vad de tv\u00e5 alternativen skiljer sig \u00e5t, vad du tj\u00e4nar p\u00e5 vardera, och hur du enkelt &hellip;<\/p>\n","protected":false},"author":2932,"featured_media":21145,"comment_status":"closed","ping_status":"closed","sticky":false,"template":"","format":"standard","meta":{"_acf_changed":false,"footnotes":""},"categories":[2080,1788],"tags":[],"class_list":["post-21092","post","type-post","status-publish","format-standard","has-post-thumbnail","hentry","category-mobiltillbehor-sv","category-okategoriserad"],"acf":[],"yoast_head":"<!-- This site is optimized with the Yoast SEO plugin v27.5 - https:\/\/yoast.com\/product\/yoast-seo-wordpress\/ -->\n<title>iPhone korth\u00e5llare vs pl\u00e5nbok \u2013 vad passar dig? | Nic &amp; Mel<\/title>\n<meta name=\"description\" content=\"Ska du ha korth\u00e5llare eller pl\u00e5nbok till iPhone? Vi j\u00e4mf\u00f6r f\u00f6r- och nackdelar och hj\u00e4lper dig v\u00e4lja r\u00e4tt. Handgjort l\u00e4der av Nic &amp; Mel.\" \/>\n<meta name=\"robots\" content=\"index, follow, max-snippet:-1, max-image-preview:large, max-video-preview:-1\" \/>\n<link rel=\"canonical\" href=\"https:\/\/nicandmel.com\/sv\/iphone-korthallare-vs-planbok\/\" \/>\n<meta property=\"og:locale\" content=\"sv_SE\" \/>\n<meta property=\"og:type\" content=\"article\" \/>\n<meta property=\"og:title\" content=\"iPhone korth\u00e5llare vs pl\u00e5nbok \u2013 vad passar dig? | Nic &amp; Mel\" \/>\n<meta property=\"og:description\" content=\"Ska du ha korth\u00e5llare eller pl\u00e5nbok till iPhone? Vi j\u00e4mf\u00f6r f\u00f6r- och nackdelar och hj\u00e4lper dig v\u00e4lja r\u00e4tt. Handgjort l\u00e4der av Nic &amp; Mel.\" \/>\n<meta property=\"og:url\" content=\"https:\/\/nicandmel.com\/sv\/iphone-korthallare-vs-planbok\/\" \/>\n<meta property=\"og:site_name\" content=\"Nic &amp; Mel\" \/>\n<meta property=\"article:publisher\" content=\"https:\/\/www.facebook.com\/nicandmel\" \/>\n<meta property=\"article:published_time\" content=\"2026-03-17T13:15:35+00:00\" \/>\n<meta property=\"article:modified_time\" content=\"2026-03-31T16:27:04+00:00\" \/>\n<meta property=\"og:image\" content=\"https:\/\/nicandmel.com\/wp-content\/uploads\/2026\/03\/tackarkorthallarelader.jpeg\" \/>\n\t<meta property=\"og:image:width\" content=\"400\" \/>\n\t<meta property=\"og:image:height\" content=\"400\" \/>\n\t<meta property=\"og:image:type\" content=\"image\/jpeg\" \/>\n<meta name=\"author\" content=\"Magnus\" \/>\n<meta name=\"twitter:card\" content=\"summary_large_image\" \/>\n<meta name=\"twitter:label1\" content=\"Skriven av\" \/>\n\t<meta name=\"twitter:data1\" content=\"Magnus\" \/>\n\t<meta name=\"twitter:label2\" content=\"Ber\u00e4knad l\u00e4stid\" \/>\n\t<meta name=\"twitter:data2\" content=\"3 minuter\" \/>\n<script type=\"application\/ld+json\" class=\"yoast-schema-graph\">{\"@context\":\"https:\\\/\\\/schema.org\",\"@graph\":[{\"@type\":\"Article\",\"@id\":\"https:\\\/\\\/nicandmel.com\\\/sv\\\/iphone-korthallare-vs-planbok\\\/#article\",\"isPartOf\":{\"@id\":\"https:\\\/\\\/nicandmel.com\\\/sv\\\/iphone-korthallare-vs-planbok\\\/\"},\"author\":{\"name\":\"Magnus\",\"@id\":\"https:\\\/\\\/nicandmel.com\\\/sv\\\/#\\\/schema\\\/person\\\/44f2a803f9c76eacf5fbc7e9a3ed264f\"},\"headline\":\"iPhone korth\u00e5llare vs pl\u00e5nbok \u2013 vad passar dig?\",\"datePublished\":\"2026-03-17T13:15:35+00:00\",\"dateModified\":\"2026-03-31T16:27:04+00:00\",\"mainEntityOfPage\":{\"@id\":\"https:\\\/\\\/nicandmel.com\\\/sv\\\/iphone-korthallare-vs-planbok\\\/\"},\"wordCount\":744,\"publisher\":{\"@id\":\"https:\\\/\\\/nicandmel.com\\\/sv\\\/#organization\"},\"image\":{\"@id\":\"https:\\\/\\\/nicandmel.com\\\/sv\\\/iphone-korthallare-vs-planbok\\\/#primaryimage\"},\"thumbnailUrl\":\"https:\\\/\\\/nicandmel.com\\\/wp-content\\\/uploads\\\/2026\\\/03\\\/tackarkorthallarelader.jpeg\",\"articleSection\":[\"Mobiltillbeh\u00f6r\",\"Okategoriserad\"],\"inLanguage\":\"sv-SE\"},{\"@type\":\"WebPage\",\"@id\":\"https:\\\/\\\/nicandmel.com\\\/sv\\\/iphone-korthallare-vs-planbok\\\/\",\"url\":\"https:\\\/\\\/nicandmel.com\\\/sv\\\/iphone-korthallare-vs-planbok\\\/\",\"name\":\"iPhone korth\u00e5llare vs pl\u00e5nbok \u2013 vad passar dig? | Nic & Mel\",\"isPartOf\":{\"@id\":\"https:\\\/\\\/nicandmel.com\\\/sv\\\/#website\"},\"primaryImageOfPage\":{\"@id\":\"https:\\\/\\\/nicandmel.com\\\/sv\\\/iphone-korthallare-vs-planbok\\\/#primaryimage\"},\"image\":{\"@id\":\"https:\\\/\\\/nicandmel.com\\\/sv\\\/iphone-korthallare-vs-planbok\\\/#primaryimage\"},\"thumbnailUrl\":\"https:\\\/\\\/nicandmel.com\\\/wp-content\\\/uploads\\\/2026\\\/03\\\/tackarkorthallarelader.jpeg\",\"datePublished\":\"2026-03-17T13:15:35+00:00\",\"dateModified\":\"2026-03-31T16:27:04+00:00\",\"description\":\"Ska du ha korth\u00e5llare eller pl\u00e5nbok till iPhone? Vi j\u00e4mf\u00f6r f\u00f6r- och nackdelar och hj\u00e4lper dig v\u00e4lja r\u00e4tt. Handgjort l\u00e4der av Nic & Mel.\",\"breadcrumb\":{\"@id\":\"https:\\\/\\\/nicandmel.com\\\/sv\\\/iphone-korthallare-vs-planbok\\\/#breadcrumb\"},\"inLanguage\":\"sv-SE\",\"potentialAction\":[{\"@type\":\"ReadAction\",\"target\":[\"https:\\\/\\\/nicandmel.com\\\/sv\\\/iphone-korthallare-vs-planbok\\\/\"]}]},{\"@type\":\"ImageObject\",\"inLanguage\":\"sv-SE\",\"@id\":\"https:\\\/\\\/nicandmel.com\\\/sv\\\/iphone-korthallare-vs-planbok\\\/#primaryimage\",\"url\":\"https:\\\/\\\/nicandmel.com\\\/wp-content\\\/uploads\\\/2026\\\/03\\\/tackarkorthallarelader.jpeg\",\"contentUrl\":\"https:\\\/\\\/nicandmel.com\\\/wp-content\\\/uploads\\\/2026\\\/03\\\/tackarkorthallarelader.jpeg\",\"width\":400,\"height\":400,\"caption\":\"Hon har shoppat smycket\"},{\"@type\":\"BreadcrumbList\",\"@id\":\"https:\\\/\\\/nicandmel.com\\\/sv\\\/iphone-korthallare-vs-planbok\\\/#breadcrumb\",\"itemListElement\":[{\"@type\":\"ListItem\",\"position\":1,\"name\":\"Home\",\"item\":\"https:\\\/\\\/nicandmel.com\\\/sv\\\/\"},{\"@type\":\"ListItem\",\"position\":2,\"name\":\"iPhone korth\u00e5llare vs pl\u00e5nbok \u2013 vad passar dig?\"}]},{\"@type\":\"WebSite\",\"@id\":\"https:\\\/\\\/nicandmel.com\\\/sv\\\/#website\",\"url\":\"https:\\\/\\\/nicandmel.com\\\/sv\\\/\",\"name\":\"Nic & Mel\",\"description\":\"Handmade leather goods\",\"publisher\":{\"@id\":\"https:\\\/\\\/nicandmel.com\\\/sv\\\/#organization\"},\"potentialAction\":[{\"@type\":\"SearchAction\",\"target\":{\"@type\":\"EntryPoint\",\"urlTemplate\":\"https:\\\/\\\/nicandmel.com\\\/sv\\\/?s={search_term_string}\"},\"query-input\":{\"@type\":\"PropertyValueSpecification\",\"valueRequired\":true,\"valueName\":\"search_term_string\"}}],\"inLanguage\":\"sv-SE\"},{\"@type\":\"Organization\",\"@id\":\"https:\\\/\\\/nicandmel.com\\\/sv\\\/#organization\",\"name\":\"Nic & Mel\",\"url\":\"https:\\\/\\\/nicandmel.com\\\/sv\\\/\",\"logo\":{\"@type\":\"ImageObject\",\"inLanguage\":\"sv-SE\",\"@id\":\"https:\\\/\\\/nicandmel.com\\\/sv\\\/#\\\/schema\\\/logo\\\/image\\\/\",\"url\":\"https:\\\/\\\/nicandmel.com\\\/wp-content\\\/uploads\\\/2021\\\/07\\\/nic_and_mel_logo.png\",\"contentUrl\":\"https:\\\/\\\/nicandmel.com\\\/wp-content\\\/uploads\\\/2021\\\/07\\\/nic_and_mel_logo.png\",\"width\":1237,\"height\":263,\"caption\":\"Nic & Mel\"},\"image\":{\"@id\":\"https:\\\/\\\/nicandmel.com\\\/sv\\\/#\\\/schema\\\/logo\\\/image\\\/\"},\"sameAs\":[\"https:\\\/\\\/www.facebook.com\\\/nicandmel\"]},{\"@type\":\"Person\",\"@id\":\"https:\\\/\\\/nicandmel.com\\\/sv\\\/#\\\/schema\\\/person\\\/44f2a803f9c76eacf5fbc7e9a3ed264f\",\"name\":\"Magnus\",\"image\":{\"@type\":\"ImageObject\",\"inLanguage\":\"sv-SE\",\"@id\":\"https:\\\/\\\/nicandmel.com\\\/wp-content\\\/litespeed\\\/avatar\\\/ab7b319b0e24979f0e96bc09fc9178c0.jpg?ver=1777397911\",\"url\":\"https:\\\/\\\/nicandmel.com\\\/wp-content\\\/litespeed\\\/avatar\\\/ab7b319b0e24979f0e96bc09fc9178c0.jpg?ver=1777397911\",\"contentUrl\":\"https:\\\/\\\/nicandmel.com\\\/wp-content\\\/litespeed\\\/avatar\\\/ab7b319b0e24979f0e96bc09fc9178c0.jpg?ver=1777397911\",\"caption\":\"Magnus\"}}]}<\/script>\n<!-- \/ Yoast SEO plugin. -->","yoast_head_json":{"title":"iPhone korth\u00e5llare vs pl\u00e5nbok \u2013 vad passar dig? | Nic & Mel","description":"Ska du ha korth\u00e5llare eller pl\u00e5nbok till iPhone? Vi j\u00e4mf\u00f6r f\u00f6r- och nackdelar och hj\u00e4lper dig v\u00e4lja r\u00e4tt. Handgjort l\u00e4der av Nic & Mel.","robots":{"index":"index","follow":"follow","max-snippet":"max-snippet:-1","max-image-preview":"max-image-preview:large","max-video-preview":"max-video-preview:-1"},"canonical":"https:\/\/nicandmel.com\/sv\/iphone-korthallare-vs-planbok\/","og_locale":"sv_SE","og_type":"article","og_title":"iPhone korth\u00e5llare vs pl\u00e5nbok \u2013 vad passar dig? | Nic & Mel","og_description":"Ska du ha korth\u00e5llare eller pl\u00e5nbok till iPhone? Vi j\u00e4mf\u00f6r f\u00f6r- och nackdelar och hj\u00e4lper dig v\u00e4lja r\u00e4tt. Handgjort l\u00e4der av Nic & Mel.","og_url":"https:\/\/nicandmel.com\/sv\/iphone-korthallare-vs-planbok\/","og_site_name":"Nic &amp; Mel","article_publisher":"https:\/\/www.facebook.com\/nicandmel","article_published_time":"2026-03-17T13:15:35+00:00","article_modified_time":"2026-03-31T16:27:04+00:00","og_image":[{"width":400,"height":400,"url":"https:\/\/nicandmel.com\/wp-content\/uploads\/2026\/03\/tackarkorthallarelader.jpeg","type":"image\/jpeg"}],"author":"Magnus","twitter_card":"summary_large_image","twitter_misc":{"Skriven av":"Magnus","Ber\u00e4knad l\u00e4stid":"3 minuter"},"schema":{"@context":"https:\/\/schema.org","@graph":[{"@type":"Article","@id":"https:\/\/nicandmel.com\/sv\/iphone-korthallare-vs-planbok\/#article","isPartOf":{"@id":"https:\/\/nicandmel.com\/sv\/iphone-korthallare-vs-planbok\/"},"author":{"name":"Magnus","@id":"https:\/\/nicandmel.com\/sv\/#\/schema\/person\/44f2a803f9c76eacf5fbc7e9a3ed264f"},"headline":"iPhone korth\u00e5llare vs pl\u00e5nbok \u2013 vad passar dig?","datePublished":"2026-03-17T13:15:35+00:00","dateModified":"2026-03-31T16:27:04+00:00","mainEntityOfPage":{"@id":"https:\/\/nicandmel.com\/sv\/iphone-korthallare-vs-planbok\/"},"wordCount":744,"publisher":{"@id":"https:\/\/nicandmel.com\/sv\/#organization"},"image":{"@id":"https:\/\/nicandmel.com\/sv\/iphone-korthallare-vs-planbok\/#primaryimage"},"thumbnailUrl":"https:\/\/nicandmel.com\/wp-content\/uploads\/2026\/03\/tackarkorthallarelader.jpeg","articleSection":["Mobiltillbeh\u00f6r","Okategoriserad"],"inLanguage":"sv-SE"},{"@type":"WebPage","@id":"https:\/\/nicandmel.com\/sv\/iphone-korthallare-vs-planbok\/","url":"https:\/\/nicandmel.com\/sv\/iphone-korthallare-vs-planbok\/","name":"iPhone korth\u00e5llare vs pl\u00e5nbok \u2013 vad passar dig? | Nic & Mel","isPartOf":{"@id":"https:\/\/nicandmel.com\/sv\/#website"},"primaryImageOfPage":{"@id":"https:\/\/nicandmel.com\/sv\/iphone-korthallare-vs-planbok\/#primaryimage"},"image":{"@id":"https:\/\/nicandmel.com\/sv\/iphone-korthallare-vs-planbok\/#primaryimage"},"thumbnailUrl":"https:\/\/nicandmel.com\/wp-content\/uploads\/2026\/03\/tackarkorthallarelader.jpeg","datePublished":"2026-03-17T13:15:35+00:00","dateModified":"2026-03-31T16:27:04+00:00","description":"Ska du ha korth\u00e5llare eller pl\u00e5nbok till iPhone? Vi j\u00e4mf\u00f6r f\u00f6r- och nackdelar och hj\u00e4lper dig v\u00e4lja r\u00e4tt. Handgjort l\u00e4der av Nic & Mel.","breadcrumb":{"@id":"https:\/\/nicandmel.com\/sv\/iphone-korthallare-vs-planbok\/#breadcrumb"},"inLanguage":"sv-SE","potentialAction":[{"@type":"ReadAction","target":["https:\/\/nicandmel.com\/sv\/iphone-korthallare-vs-planbok\/"]}]},{"@type":"ImageObject","inLanguage":"sv-SE","@id":"https:\/\/nicandmel.com\/sv\/iphone-korthallare-vs-planbok\/#primaryimage","url":"https:\/\/nicandmel.com\/wp-content\/uploads\/2026\/03\/tackarkorthallarelader.jpeg","contentUrl":"https:\/\/nicandmel.com\/wp-content\/uploads\/2026\/03\/tackarkorthallarelader.jpeg","width":400,"height":400,"caption":"Hon har shoppat smycket"},{"@type":"BreadcrumbList","@id":"https:\/\/nicandmel.com\/sv\/iphone-korthallare-vs-planbok\/#breadcrumb","itemListElement":[{"@type":"ListItem","position":1,"name":"Home","item":"https:\/\/nicandmel.com\/sv\/"},{"@type":"ListItem","position":2,"name":"iPhone korth\u00e5llare vs pl\u00e5nbok \u2013 vad passar dig?"}]},{"@type":"WebSite","@id":"https:\/\/nicandmel.com\/sv\/#website","url":"https:\/\/nicandmel.com\/sv\/","name":"Nic & Mel","description":"Handmade leather goods","publisher":{"@id":"https:\/\/nicandmel.com\/sv\/#organization"},"potentialAction":[{"@type":"SearchAction","target":{"@type":"EntryPoint","urlTemplate":"https:\/\/nicandmel.com\/sv\/?s={search_term_string}"},"query-input":{"@type":"PropertyValueSpecification","valueRequired":true,"valueName":"search_term_string"}}],"inLanguage":"sv-SE"},{"@type":"Organization","@id":"https:\/\/nicandmel.com\/sv\/#organization","name":"Nic & Mel","url":"https:\/\/nicandmel.com\/sv\/","logo":{"@type":"ImageObject","inLanguage":"sv-SE","@id":"https:\/\/nicandmel.com\/sv\/#\/schema\/logo\/image\/","url":"https:\/\/nicandmel.com\/wp-content\/uploads\/2021\/07\/nic_and_mel_logo.png","contentUrl":"https:\/\/nicandmel.com\/wp-content\/uploads\/2021\/07\/nic_and_mel_logo.png","width":1237,"height":263,"caption":"Nic & Mel"},"image":{"@id":"https:\/\/nicandmel.com\/sv\/#\/schema\/logo\/image\/"},"sameAs":["https:\/\/www.facebook.com\/nicandmel"]},{"@type":"Person","@id":"https:\/\/nicandmel.com\/sv\/#\/schema\/person\/44f2a803f9c76eacf5fbc7e9a3ed264f","name":"Magnus","image":{"@type":"ImageObject","inLanguage":"sv-SE","@id":"https:\/\/nicandmel.com\/wp-content\/litespeed\/avatar\/ab7b319b0e24979f0e96bc09fc9178c0.jpg?ver=1777397911","url":"https:\/\/nicandmel.com\/wp-content\/litespeed\/avatar\/ab7b319b0e24979f0e96bc09fc9178c0.jpg?ver=1777397911","contentUrl":"https:\/\/nicandmel.com\/wp-content\/litespeed\/avatar\/ab7b319b0e24979f0e96bc09fc9178c0.jpg?ver=1777397911","caption":"Magnus"}}]}},"_links":{"self":[{"href":"https:\/\/nicandmel.com\/sv\/wp-json\/wp\/v2\/posts\/21092","targetHints":{"allow":["GET"]}}],"collection":[{"href":"https:\/\/nicandmel.com\/sv\/wp-json\/wp\/v2\/posts"}],"about":[{"href":"https:\/\/nicandmel.com\/sv\/wp-json\/wp\/v2\/types\/post"}],"author":[{"embeddable":true,"href":"https:\/\/nicandmel.com\/sv\/wp-json\/wp\/v2\/users\/2932"}],"replies":[{"embeddable":true,"href":"https:\/\/nicandmel.com\/sv\/wp-json\/wp\/v2\/comments?post=21092"}],"version-history":[{"count":3,"href":"https:\/\/nicandmel.com\/sv\/wp-json\/wp\/v2\/posts\/21092\/revisions"}],"predecessor-version":[{"id":21144,"href":"https:\/\/nicandmel.com\/sv\/wp-json\/wp\/v2\/posts\/21092\/revisions\/21144"}],"wp:featuredmedia":[{"embeddable":true,"href":"https:\/\/nicandmel.com\/sv\/wp-json\/wp\/v2\/media\/21145"}],"wp:attachment":[{"href":"https:\/\/nicandmel.com\/sv\/wp-json\/wp\/v2\/media?parent=21092"}],"wp:term":[{"taxonomy":"category","embeddable":true,"href":"https:\/\/nicandmel.com\/sv\/wp-json\/wp\/v2\/categories?post=21092"},{"taxonomy":"post_tag","embeddable":true,"href":"https:\/\/nicandmel.com\/sv\/wp-json\/wp\/v2\/tags?post=21092"}],"curies":[{"name":"wp","href":"https:\/\/api.w.org\/{rel}","templated":true}]}}